{"id":1558,"date":"2025-11-05T15:55:17","date_gmt":"2025-11-05T15:55:17","guid":{"rendered":"https:\/\/ecovetproject.com\/?p=1558"},"modified":"2025-12-10T16:13:11","modified_gmt":"2025-12-10T16:13:11","slug":"environmental-awareness-day","status":"publish","type":"post","link":"https:\/\/ecovetproject.com\/fr\/2025\/11\/05\/environmental-awareness-day\/","title":{"rendered":"JOURNEE DE SENSIBILISATION ENVIRONNEMENTALE"},"content":{"rendered":"<p>Face aux d\u00e9fis climatiques actuels \u2013 d\u00e9gradation des terres arables, ins\u00e9curit\u00e9 alimentaire, \u00e9rosion c\u00f4ti\u00e8re et perte de vies humaines \u2013 le changement de comportement et d'habitude de consommation, l\u2019association de saint Fran\u00e7ois de SALES avec sa politique environnementale a organis\u00e9 une journ\u00e9e de sensibilisation au centre Don Bosco de Dakar avec la collaboration de VIS. L'\u00e9v\u00e9nement, co-financ\u00e9 par l'Union europ\u00e9enne et le projet Skilling Eco-VET , s'est tenu le 31 octobre 2025 et a r\u00e9uni \u00e0 la fois les \u00e9l\u00e8ves du coll\u00e8ge Don Bosco et les apprenants de centre de formation professionnel de Dakar. Ont donc particip\u00e9 \u00e0 l\u2019\u00e9v\u00e8nement plus de 700 \u00e9l\u00e8ves et pr\u00e8s de 60 apprenants du centre, avec la participation marquante de trois prestataires du service des Eaux et For\u00eats du S\u00e9n\u00e9gal.<\/p>\n\n\n\n<p>La journ\u00e9e a d\u00e9but\u00e9 par une s\u00e9rie de sessions anim\u00e9es par l'\u00e9quipe des Eaux et For\u00eats. Au nombre des th\u00e9matiques abord\u00e9s, nous avons :<\/p>\n\n\n\n<p><strong>1.\tLes secteurs pollueurs<\/strong><\/p>\n\n\n\n<p>Les secteurs identifi\u00e9s comme les plus grands \u00e9metteurs incluent :<\/p>\n\n\n\n<ul class=\"wp-block-list\">\n<li>\u2022\tLe Transport : Utilisation de combustibles d\u00e9riv\u00e9s du p\u00e9trole (essence, gasoil, k\u00e9ros\u00e8ne).<\/li>\n\n\n\n<li>\u2022\tL'\u00c9nergie : Forte consommation d'\u00e9lectricit\u00e9 qui \u00e9met une quantit\u00e9 consid\u00e9rable de gaz \u00e0 effet de serre.<\/li>\n\n\n\n<li>\u2022\tL'Industrie : Les grandes usines (ciment, acier, agroalimentaire).<\/li>\n\n\n\n<li>\u2022\tL'Agriculture : Utilisation de pesticides et de machinisme agricole.<\/li>\n\n\n\n<li>\u2022\tLa D\u00e9forestation : La coupe des for\u00eats rel\u00e2che le gaz carbonique stock\u00e9, accentuant le changement climatique.<\/li>\n\n\n\n<li>\u2022\tLa Surconsommation : N\u00e9cessit\u00e9 de r\u00e9duire notre empreinte carbone dans nos gestes quotidiens.<\/li>\n<\/ul>\n\n\n\n<p><strong>2.\tLes solutions et gestes \u00e9coresponsables<\/strong><\/p>\n\n\n\n<p>Pour att\u00e9nuer ces causes, les \u00e9l\u00e8ves ont \u00e9t\u00e9 sensibilis\u00e9s \u00e0 l'adoption de comportements responsables, notamment :<\/p>\n\n\n\n<ul class=\"wp-block-list\">\n<li>\u2022\tTransport : Favoriser les transports en commun comme le Train Express R\u00e9gional (TER) ou le Bus Rapid Transit (100% \u00e9lectrique).<\/li>\n\n\n\n<li>\u2022\t\u00c9nergie : Encourager l'utilisation des \u00e9nergies renouvelables photovolta\u00efques.<\/li>\n\n\n\n<li>\u2022\tAgriculture : Privil\u00e9gier l'agriculture biologique et l'emploi de biopesticides.<\/li>\n\n\n\n<li>\u2022\tAm\u00e9lioration du Cadre de Vie : Utiliser des poubelles de tri s\u00e9lectif et cr\u00e9er une \u00ab brigade verte \u00bb au sein de l'\u00e9cole pour entretenir l'environnement scolaire.<\/li>\n<\/ul>\n\n\n\n<p><strong>3.\tImportance de l\u2019arbre en ville<\/strong><\/p>\n\n\n\n<p>Pr\u00e9sentation du projet de restauration de la c\u00f4te ouest de Dakar par les \u00ab \u00eelots verts \u00bb qui utilise le Filao (Casuarina equisetifolia) pour fixer les dunes de sable et lutter contre l'avanc\u00e9e de la mer.<\/p>\n\n\n\n<p><strong>4.\tLes m\u00e9tiers Verts<\/strong><\/p>\n\n\n\n<p>Pour former les \u00e9cocitoyens de demain, plusieurs parcours professionnels li\u00e9s \u00e0 l'environnement ont \u00e9t\u00e9 pr\u00e9sent\u00e9s :<\/p>\n\n\n\n<ul class=\"wp-block-list\">\n<li>\u2022\tSp\u00e9cialistes en \u00c9nergie Renouvelable (installation de panneaux solaires photovolta\u00efques).<\/li>\n\n\n\n<li>\u2022\tTechniciens en Recyclage de d\u00e9chets plastiques et \u00e9lectroniques.<\/li>\n\n\n\n<li>\u2022\tAm\u00e9nagistes Paysagistes, P\u00e9pini\u00e9ristes, Horticulteurs.<\/li>\n\n\n\n<li>\u2022\tTechniciens en \u00c9co-construction (utilisation de mat\u00e9riaux \u00e9cologiques comme la Brique en Terre d\u2019Argile).<\/li>\n<\/ul>\n\n\n\n<p>La journ\u00e9e s'est conclue par une activit\u00e9 pratique : la plantation de 35 plants de diverses esp\u00e8ces (Cordia sebestena, Peltoforum ferriginum, Terminalia mentalis, Albizia lebeck, Gmelina arborea) avec les \u00e9l\u00e8ves. Pour beaucoup, c'\u00e9tait la premi\u00e8re fois qu'ils plantaient un arbre, leur permettant de s'approprier la bonne technique de reboisement.<\/p>\n\n\n\n<p>Les \u00e9l\u00e8ves et apprenants ont ainsi pris conscience de l'importance de l'arbre et de la n\u00e9cessit\u00e9 de lutter contre les changements climatiques. Cette journ\u00e9e a confirm\u00e9 que l'\u00e9ducation \u00e0 l'environnement est fondamentale pour former les \u00e9cocitoyens responsables de demain.<\/p>\n\n\n\n<figure class=\"wp-block-gallery has-nested-images columns-default is-cropped wp-block-gallery-1 is-layout-flex wp-block-gallery-is-layout-flex\">\n<figure class=\"wp-block-image size-large\"><img fetchpriority=\"high\" decoding=\"async\" width=\"1024\" height=\"768\" data-id=\"1559\" src=\"https:\/\/ecovetproject.com\/wp-content\/uploads\/2025\/12\/dAKAR--1024x768.jpg\" alt=\"\" class=\"wp-image-1559\" srcset=\"https:\/\/ecovetproject.com\/wp-content\/uploads\/2025\/12\/dAKAR--1024x768.jpg 1024w, https:\/\/ecovetproject.com\/wp-content\/uploads\/2025\/12\/dAKAR--300x225.jpg 300w, https:\/\/ecovetproject.com\/wp-content\/uploads\/2025\/12\/dAKAR--768x576.jpg 768w, https:\/\/ecovetproject.com\/wp-content\/uploads\/2025\/12\/dAKAR--16x12.jpg 16w, https:\/\/ecovetproject.com\/wp-content\/uploads\/2025\/12\/dAKAR-.jpg 1280w\" sizes=\"(max-width: 1024px) 100vw, 1024px\" \/><\/figure>\n\n\n\n<figure class=\"wp-block-image size-large\"><img decoding=\"async\" width=\"1024\" height=\"768\" data-id=\"1561\" src=\"https:\/\/ecovetproject.com\/wp-content\/uploads\/2025\/12\/DAKAR-2-1024x768.jpg\" alt=\"\" class=\"wp-image-1561\" srcset=\"https:\/\/ecovetproject.com\/wp-content\/uploads\/2025\/12\/DAKAR-2-1024x768.jpg 1024w, https:\/\/ecovetproject.com\/wp-content\/uploads\/2025\/12\/DAKAR-2-300x225.jpg 300w, https:\/\/ecovetproject.com\/wp-content\/uploads\/2025\/12\/DAKAR-2-768x576.jpg 768w, https:\/\/ecovetproject.com\/wp-content\/uploads\/2025\/12\/DAKAR-2-16x12.jpg 16w, https:\/\/ecovetproject.com\/wp-content\/uploads\/2025\/12\/DAKAR-2.jpg 1280w\" sizes=\"(max-width: 1024px) 100vw, 1024px\" \/><\/figure>\n\n\n\n<figure class=\"wp-block-image size-large\"><img decoding=\"async\" width=\"1024\" height=\"768\" data-id=\"1563\" src=\"https:\/\/ecovetproject.com\/wp-content\/uploads\/2025\/12\/DAKAR-3-1024x768.jpg\" alt=\"\" class=\"wp-image-1563\" srcset=\"https:\/\/ecovetproject.com\/wp-content\/uploads\/2025\/12\/DAKAR-3-1024x768.jpg 1024w, https:\/\/ecovetproject.com\/wp-content\/uploads\/2025\/12\/DAKAR-3-300x225.jpg 300w, https:\/\/ecovetproject.com\/wp-content\/uploads\/2025\/12\/DAKAR-3-768x576.jpg 768w, https:\/\/ecovetproject.com\/wp-content\/uploads\/2025\/12\/DAKAR-3-16x12.jpg 16w, https:\/\/ecovetproject.com\/wp-content\/uploads\/2025\/12\/DAKAR-3.jpg 1280w\" sizes=\"(max-width: 1024px) 100vw, 1024px\" \/><\/figure>\n\n\n\n<figure class=\"wp-block-image size-large\"><img loading=\"lazy\" decoding=\"async\" width=\"1024\" height=\"766\" data-id=\"1569\" src=\"https:\/\/ecovetproject.com\/wp-content\/uploads\/2025\/11\/DAKAR-4.1-1024x766.jpg\" alt=\"\" class=\"wp-image-1569\" srcset=\"https:\/\/ecovetproject.com\/wp-content\/uploads\/2025\/11\/DAKAR-4.1-1024x766.jpg 1024w, https:\/\/ecovetproject.com\/wp-content\/uploads\/2025\/11\/DAKAR-4.1-300x225.jpg 300w, https:\/\/ecovetproject.com\/wp-content\/uploads\/2025\/11\/DAKAR-4.1-768x575.jpg 768w, https:\/\/ecovetproject.com\/wp-content\/uploads\/2025\/11\/DAKAR-4.1-16x12.jpg 16w, https:\/\/ecovetproject.com\/wp-content\/uploads\/2025\/11\/DAKAR-4.1.jpg 1280w\" sizes=\"(max-width: 1024px) 100vw, 1024px\" \/><\/figure>\n\n\n\n<figure class=\"wp-block-image size-large\"><img loading=\"lazy\" decoding=\"async\" width=\"1024\" height=\"767\" data-id=\"1568\" src=\"https:\/\/ecovetproject.com\/wp-content\/uploads\/2025\/11\/DAKAR-5.1-1024x767.jpg\" alt=\"\" class=\"wp-image-1568\" srcset=\"https:\/\/ecovetproject.com\/wp-content\/uploads\/2025\/11\/DAKAR-5.1-1024x767.jpg 1024w, https:\/\/ecovetproject.com\/wp-content\/uploads\/2025\/11\/DAKAR-5.1-300x225.jpg 300w, https:\/\/ecovetproject.com\/wp-content\/uploads\/2025\/11\/DAKAR-5.1-768x575.jpg 768w, https:\/\/ecovetproject.com\/wp-content\/uploads\/2025\/11\/DAKAR-5.1-16x12.jpg 16w, https:\/\/ecovetproject.com\/wp-content\/uploads\/2025\/11\/DAKAR-5.1.jpg 1280w\" sizes=\"(max-width: 1024px) 100vw, 1024px\" \/><\/figure>\n\n\n\n<figure class=\"wp-block-image size-full\"><img loading=\"lazy\" decoding=\"async\" width=\"1024\" height=\"765\" data-id=\"1567\" src=\"https:\/\/ecovetproject.com\/wp-content\/uploads\/2025\/11\/DAKAR-6.1.jpg\" alt=\"\" class=\"wp-image-1567\" srcset=\"https:\/\/ecovetproject.com\/wp-content\/uploads\/2025\/11\/DAKAR-6.1.jpg 1024w, https:\/\/ecovetproject.com\/wp-content\/uploads\/2025\/11\/DAKAR-6.1-300x224.jpg 300w, https:\/\/ecovetproject.com\/wp-content\/uploads\/2025\/11\/DAKAR-6.1-768x574.jpg 768w, https:\/\/ecovetproject.com\/wp-content\/uploads\/2025\/11\/DAKAR-6.1-16x12.jpg 16w\" sizes=\"(max-width: 1024px) 100vw, 1024px\" \/><\/figure>\n<\/figure>","protected":false},"excerpt":{"rendered":"<p>Facing current climate challenges\u2014degradation of arable land, food insecurity, coastal erosion, and loss of human lives\u2014changing consumption habits and behaviors is crucial. In line with its environmental policy, the Saint Fran\u00e7ois de Sales Association organized an Environmental Awareness Day at the Don Bosco Center in Dakar, in collaboration with VIS. The event, co-financed by the [&hellip;]<\/p>\n","protected":false},"author":1,"featured_media":1567,"comment_status":"open","ping_status":"open","sticky":false,"template":"","format":"standard","meta":{"_monsterinsights_skip_tracking":false,"_monsterinsights_sitenote_active":false,"_monsterinsights_sitenote_note":"","_monsterinsights_sitenote_category":0,"footnotes":""},"categories":[1],"tags":[],"class_list":["post-1558","post","type-post","status-publish","format-standard","has-post-thumbnail","hentry","category-blog"],"aioseo_notices":[],"_links":{"self":[{"href":"https:\/\/ecovetproject.com\/fr\/wp-json\/wp\/v2\/posts\/1558","targetHints":{"allow":["GET"]}}],"collection":[{"href":"https:\/\/ecovetproject.com\/fr\/wp-json\/wp\/v2\/posts"}],"about":[{"href":"https:\/\/ecovetproject.com\/fr\/wp-json\/wp\/v2\/types\/post"}],"author":[{"embeddable":true,"href":"https:\/\/ecovetproject.com\/fr\/wp-json\/wp\/v2\/users\/1"}],"replies":[{"embeddable":true,"href":"https:\/\/ecovetproject.com\/fr\/wp-json\/wp\/v2\/comments?post=1558"}],"version-history":[{"count":2,"href":"https:\/\/ecovetproject.com\/fr\/wp-json\/wp\/v2\/posts\/1558\/revisions"}],"predecessor-version":[{"id":1570,"href":"https:\/\/ecovetproject.com\/fr\/wp-json\/wp\/v2\/posts\/1558\/revisions\/1570"}],"wp:featuredmedia":[{"embeddable":true,"href":"https:\/\/ecovetproject.com\/fr\/wp-json\/wp\/v2\/media\/1567"}],"wp:attachment":[{"href":"https:\/\/ecovetproject.com\/fr\/wp-json\/wp\/v2\/media?parent=1558"}],"wp:term":[{"taxonomy":"category","embeddable":true,"href":"https:\/\/ecovetproject.com\/fr\/wp-json\/wp\/v2\/categories?post=1558"},{"taxonomy":"post_tag","embeddable":true,"href":"https:\/\/ecovetproject.com\/fr\/wp-json\/wp\/v2\/tags?post=1558"}],"curies":[{"name":"wp","href":"https:\/\/api.w.org\/{rel}","templated":true}]}}